{"id":11,"date":"2024-09-26T08:16:51","date_gmt":"2024-09-26T08:16:51","guid":{"rendered":"http:\/\/www.budapest-luggagestorage.com\/?p=11"},"modified":"2024-11-07T10:42:32","modified_gmt":"2024-11-07T10:42:32","slug":"deak-ferenc-ter-poggyasz-tarolasi-utmutato","status":"publish","type":"post","link":"https:\/\/www.budapest-luggagestorage.com\/hu\/deak-ferenc-ter-poggyasz-tarolasi-utmutato\/","title":{"rendered":"Poggy\u00e1szmeg\u0151rz\u0151 \u00fatmutat\u00f3 a De\u00e1k Ferenc t\u00e9r 2024-n\u00e9l"},"content":{"rendered":"<p>Sok sz\u00e9p \u00e9s leny\u0171g\u00f6z\u0151 hely van, amit megl\u00e1togathat, am\u00edg itt van Budapesten, \u00edgy k\u00e9szen kell \u00e1llnia arra, hogy belevesse mag\u00e1t a v\u00e1ros felfedez\u00e9s\u00e9be, \u00e9s s\u00e9t\u00e1ljon, amennyit csak tud, hogy megcsod\u00e1lhassa a gy\u00f6ny\u00f6r\u0171 \u00e9p\u00edt\u00e9szetet \u00e9s a legcsod\u00e1latosabb l\u00e1tnival\u00f3kat, bele\u00e9rtve a De\u00e1k Ferenc teret, a belv\u00e1ros egyik legfontosabb ter\u00e9t.<\/p>\n\n\n\n<p>A t\u00e9ren egy k\u00e9nyelmes k\u00f6zleked\u00e9si csom\u00f3pont is tal\u00e1lhat\u00f3, amelyet haszn\u00e1lhat, hogy k\u00f6zlekedjen \u00e9s felfedezze a v\u00e1ros k\u00f6rny\u00e9k\u00e9t. Van azonban egy apr\u00f3 k\u00e9rd\u00e9s, amit \u00e1t kell gondolnod, miel\u0151tt belev\u00e1gsz a budapesti kalandokba: hol hagyd a neh\u00e9z csomagjaidat \u00e9s t\u00e1sk\u00e1idat, amelyek lelass\u00edtanak \u00e9s nehezen man\u0151verezhet\u0151k.<\/p>\n\n\n\n<p>Ha ilyen helyzetben tal\u00e1lja mag\u00e1t, akkor meg kell keresnie a legk\u00f6zelebbi \u00e9s legmegb\u00edzhat\u00f3bb csomagmeg\u0151rz\u0151t Budapesten, hogy megszabadulhasson az \u00f6sszes neh\u00e9z holmit\u00f3l, ami lelass\u00edtja, \u00e9s k\u00e9szen \u00e1lljon a mozg\u00e1sra, Budapest belv\u00e1ros\u00e1nak felfedez\u00e9s\u00e9re, \u00e9s egyszer\u0171en \u00e9lvezze az utaz\u00e1st, amit oly r\u00e9g\u00f3ta szervezett.<\/p>\n\n\n<div class=\"wp-block-image\">\n<figure class=\"aligncenter size-full is-resized\"><img loading=\"lazy\" decoding=\"async\" width=\"790\" height=\"170\" src=\"http:\/\/www.budapest-luggagestorage.com\/wp-content\/uploads\/2024\/09\/Radical-Storage-alpha.png\" alt=\"\" class=\"wp-image-7\" style=\"width:524px;height:auto\" srcset=\"https:\/\/www.budapest-luggagestorage.com\/wp-content\/uploads\/2024\/09\/Radical-Storage-alpha.png 790w, https:\/\/www.budapest-luggagestorage.com\/wp-content\/uploads\/2024\/09\/Radical-Storage-alpha-300x65.png 300w, https:\/\/www.budapest-luggagestorage.com\/wp-content\/uploads\/2024\/09\/Radical-Storage-alpha-768x165.png 768w\" sizes=\"auto, (max-width: 790px) 100vw, 790px\" \/><\/figure>\n<\/div>\n\n\n<div class=\"wp-block-buttons is-content-justification-center is-layout-flex wp-container-core-buttons-is-layout-16018d1d wp-block-buttons-is-layout-flex\">\n<div class=\"wp-block-button\"><a class=\"wp-block-button__link wp-element-button\" href=\"https:\/\/radicalstorage.com\/storage-list\/budapest?s=Budapest%2C%20De%C3%A1k%20Ferenc%20t%C3%A9r%2C%20Hungary&amp;lat=47.4978504&amp;lng=19.0544444&amp;utm_source=microblogs&amp;utm_medium=www.budapest-luggagestorage.com&amp;utm_campaign=deak-ferenc-ter\" target=\"_blank\" rel=\"noreferrer noopener\">FOGLALJON MOST<\/a><\/div>\n<\/div>\n\n\n\n<h2 class=\"wp-block-heading\">Van csomagmeg\u0151rz\u0151 a Budapest De\u00e1k Ferenc t\u00e9ren?<\/h2>\n\n\n\n<p>Igen, b\u00e1r a De\u00e1k Ferenc t\u00e9ri metr\u00f3\u00e1llom\u00e1son bel\u00fcl nincs hivatalos csomagmeg\u0151rz\u0151, a k\u00f6zelben tal\u00e1lhat csomagmeg\u0151rz\u0151 szolg\u00e1ltat\u00e1sokat, p\u00e9ld\u00e1ul az Radical Storage-t is. Az Radical Storage helyi \u00fczleteken, p\u00e9ld\u00e1ul \u00fczleteken, k\u00e1v\u00e9z\u00f3kon vagy sz\u00e1llod\u00e1kon kereszt\u00fcl m\u0171k\u00f6dik, ahol biztons\u00e1gosan t\u00e1rolhatja csomagjait.<\/p>\n\n\n\n<p>\u00cdgy haszn\u00e1lhatja az Radical Storage-t a De\u00e1k Ferenc t\u00e9r k\u00f6zel\u00e9ben:<\/p>\n\n\n\n<p>1. Radical Storage Helysz\u00ednek: A De\u00e1k Ferenc t\u00e9r k\u00f6zel\u00e9ben, jellemz\u0151en s\u00e9tat\u00e1vols\u00e1gra vannak Radical Storage pontok, ahol leadhatja csomagjait.<\/p>\n\n\n\n<p>2. Foglal\u00e1si folyamat: A legk\u00f6zelebbi t\u00e1rol\u00f3helyet meg kell tal\u00e1lni, majd le kell adni a csomagokat.<\/p>\n\n\n\n<p>Ez k\u00e9nyelmes alternat\u00edv\u00e1t jelent a De\u00e1k Ferenc t\u00e9r k\u00f6zel\u00e9ben csomagmeg\u0151rz\u0151t keres\u0151 turist\u00e1k sz\u00e1m\u00e1ra.<\/p>\n\n\n\n<h2 class=\"wp-block-heading\">De\u00e1k Ferenc Ter poggy\u00e1szmeg\u0151rz\u0151 t\u00e9rk\u00e9p<\/h2>\n\n\n\n<figure class=\"wp-block-image size-full\"><img loading=\"lazy\" decoding=\"async\" width=\"1012\" height=\"698\" src=\"http:\/\/www.budapest-luggagestorage.com\/wp-content\/uploads\/2024\/09\/Screenshot-2024-09-26-at-10.12.10.png\" alt=\"kedves Ferenc a csomagt\u00e1rol\u00f3 t\u00e9rk\u00e9p\u00e9t\" class=\"wp-image-12\" srcset=\"https:\/\/www.budapest-luggagestorage.com\/wp-content\/uploads\/2024\/09\/Screenshot-2024-09-26-at-10.12.10.png 1012w, https:\/\/www.budapest-luggagestorage.com\/wp-content\/uploads\/2024\/09\/Screenshot-2024-09-26-at-10.12.10-300x207.png 300w, https:\/\/www.budapest-luggagestorage.com\/wp-content\/uploads\/2024\/09\/Screenshot-2024-09-26-at-10.12.10-768x530.png 768w\" sizes=\"auto, (max-width: 1012px) 100vw, 1012px\" \/><\/figure>\n\n\n\n<h2 class=\"wp-block-heading\">Mennyibe ker\u00fcl a csomagmeg\u0151rz\u00e9s Budapesten?<\/h2>\n\n\n\n<p>A csomagmeg\u0151rz\u00e9s Budapesten \u00e1ltal\u00e1ban napi 5 \u00e9s 10 eur\u00f3 k\u00f6z\u00f6tt mozog, a szolg\u00e1ltat\u00e1st\u00f3l \u00e9s a helysz\u00ednt\u0151l f\u00fcgg\u0151en. Az olyan n\u00e9pszer\u0171 lehet\u0151s\u00e9gekn\u00e9l, mint az Radical Storage, az \u00e1r jellemz\u0151en 5 \u20ac k\u00f6r\u00fcl van t\u00e1sk\u00e1nk\u00e9nt \u00e9s naponta. Ezek a szolg\u00e1ltat\u00e1sok sz\u00e9les k\u00f6rben el\u00e9rhet\u0151k a k\u00f6zponti ter\u00fcleteken, a turisztikai l\u00e1tv\u00e1nyoss\u00e1gok k\u00f6zel\u00e9ben \u00e9s a f\u0151bb k\u00f6zleked\u00e9si csom\u00f3pontok k\u00f6zel\u00e9ben, \u00edgy k\u00e9nyelmes megold\u00e1st k\u00edn\u00e1lnak az utaz\u00f3knak.<\/p>\n\n\n\n<p>Ha \u00fagy d\u00f6nt, hogy csomagjait egy vas\u00fat\u00e1llom\u00e1son, p\u00e9ld\u00e1ul a Keleti vagy a Nyugati p\u00e1lyaudvaron, vagy a budapesti Liszt Ferenc Nemzetk\u00f6zi Rep\u00fcl\u0151t\u00e9ren t\u00e1rolja, a k\u00f6lts\u00e9gek a csomagok m\u00e9ret\u00e9t\u0151l \u00e9s a t\u00e1rol\u00e1s id\u0151tartam\u00e1t\u00f3l f\u00fcgg\u0151en v\u00e1ltoznak. A kis csomagmeg\u0151rz\u0151 p\u00e9ld\u00e1ul 4 eur\u00f3 k\u00f6r\u00fcl kezd\u0151dhet, m\u00edg a nagyobb csomagok\u00e9rt enn\u00e9l t\u00f6bbe ker\u00fclhet. A sz\u00e1llod\u00e1k gyakran ingyenesen vagy egy kis d\u00edj ellen\u00e9ben biztos\u00edtanak csomagmeg\u0151rz\u0151t, ha vend\u00e9g vagy, \u00e9s egyesek akkor is k\u00edn\u00e1lj\u00e1k, ha nem ott sz\u00e1llsz meg.<\/p>\n\n\n\n<p>\u00d6sszess\u00e9g\u00e9ben napi 5-10 eur\u00f3 az \u00e1tlagos \u00e1r a biztons\u00e1gos \u00e9s k\u00e9nyelmes csomagmeg\u0151rz\u00e9s\u00e9rt Budapesten.<\/p>\n\n\n\n<h2 class=\"wp-block-heading\">Mi a k\u00fcl\u00f6nbs\u00e9g a szekr\u00e9nyek \u00e9s a csomagmeg\u0151rz\u0151 k\u00f6z\u00f6tt?<\/h2>\n\n\n\n<p>A szekr\u00e9nyek \u00e9s a poggy\u00e1szmeg\u0151rz\u0151 szolg\u00e1ltat\u00e1sok k\u00e9t k\u00fcl\u00f6nb\u00f6z\u0151 lehet\u0151s\u00e9get k\u00edn\u00e1lnak a holmik ideiglenes t\u00e1rol\u00e1s\u00e1ra, mindegyiknek megvannak a maga jellemz\u0151i \u00e9s el\u0151nyei:<\/p>\n\n\n\n<p>Szekr\u00e9nyek:<\/p>\n\n\n\n<p>1. \u00d6nkiszolg\u00e1l\u00e1s: A szekr\u00e9nyek jellemz\u0151en \u00f6nkiszolg\u00e1l\u00f3ak, lehet\u0151v\u00e9 t\u00e9ve a felhaszn\u00e1l\u00f3k sz\u00e1m\u00e1ra, hogy seg\u00edts\u00e9g n\u00e9lk\u00fcl t\u00e1rolj\u00e1k \u00e9s vegy\u00e9k ki a t\u00e1rgyaikat.<\/p>\n\n\n\n<p>2. M\u00e9retek: Az \u00f6lt\u00f6z\u0151szekr\u00e9nyek k\u00fcl\u00f6nb\u00f6z\u0151 m\u00e9ret\u0171ek, a h\u00e1tizs\u00e1koknak val\u00f3 kicsikt\u0151l a b\u0151r\u00f6nd\u00f6knek val\u00f3 nagym\u00e9ret\u0171ekig.<\/p>\n\n\n\n<p>3. K\u00f6lts\u00e9gek: A k\u00f6lts\u00e9g \u00e1ltal\u00e1ban a szekr\u00e9ny m\u00e9ret\u00e9t\u0151l f\u00fcgg, \u00e9s napt\u00e1ri naponk\u00e9nt ker\u00fcl felsz\u00e1m\u00edt\u00e1sra.<\/p>\n\n\n\n<p>4. El\u00e9rhet\u0151s\u00e9g: A szekr\u00e9nyek sz\u00e9les k\u00f6rben el\u00e9rhet\u0151k a vas\u00fat\u00e1llom\u00e1sokon, rep\u00fcl\u0151tereken, bev\u00e1s\u00e1rl\u00f3k\u00f6zpontokban \u00e9s turisztikai l\u00e1tv\u00e1nyoss\u00e1gokon.<\/p>\n\n\n\n<p>5. Hozz\u00e1f\u00e9r\u00e9s: A felhaszn\u00e1l\u00f3knak k\u00f6zvetlen hozz\u00e1f\u00e9r\u00e9s\u00fck van a holmijukhoz, \u00e9s a l\u00e9tes\u00edtm\u00e9ny nyitvatart\u00e1si ideje alatt b\u00e1rmikor visszavehetik azokat.<\/p>\n\n\n\n<p>Poggy\u00e1szmeg\u0151rz\u0151 szolg\u00e1ltat\u00e1sok:<\/p>\n\n\n\n<p>1. Szem\u00e9lyzettel ell\u00e1tott pultok: Ezeket a szolg\u00e1ltat\u00e1sokat jellemz\u0151en szem\u00e9lyzet m\u0171k\u00f6dteti, akik a t\u00e9telek t\u00e1rol\u00e1s\u00e1t \u00e9s visszakeres\u00e9s\u00e9t v\u00e9gzik.<\/p>\n\n\n\n<p>2. Rugalmass\u00e1g: A csomagmeg\u0151rz\u0151 szekr\u00e9nyekbe nem felt\u00e9tlen\u00fcl illeszked\u0151, t\u00falm\u00e9retes vagy szab\u00e1lytalan alak\u00fa poggy\u00e1szok is elf\u00e9rnek.<\/p>\n\n\n\n<p>3. Biztons\u00e1g**: Ezek a szolg\u00e1ltat\u00e1sok gyakran nagyobb biztons\u00e1got ny\u00fajtanak, mivel a t\u00e1rgyakat biztons\u00e1gos helyen t\u00e1rolj\u00e1k, \u00e9s a szem\u00e9lyzet fel\u00fcgyeli \u0151ket.<\/p>\n\n\n\n<p>4. K\u00f6lts\u00e9gek: Az \u00e1rak a poggy\u00e1sz m\u00e9ret\u00e9t\u0151l \u00e9s s\u00faly\u00e1t\u00f3l, valamint a t\u00e1rol\u00e1s id\u0151tartam\u00e1t\u00f3l f\u00fcgg\u0151en v\u00e1ltozhatnak, gyakran r\u00f6vid \u00e9s hossz\u00fa t\u00e1v\u00fa lehet\u0151s\u00e9geket is k\u00edn\u00e1lva.<\/p>\n\n\n\n<p>5. Tov\u00e1bbi szolg\u00e1ltat\u00e1sok: Sok poggy\u00e1szmeg\u0151rz\u0151 szolg\u00e1ltat\u00e1s tov\u00e1bbi szolg\u00e1ltat\u00e1sokat k\u00edn\u00e1l, p\u00e9ld\u00e1ul poggy\u00e1szkisz\u00e1ll\u00edt\u00e1st, csomagol\u00e1st, s\u0151t, m\u00e9g biztos\u00edt\u00e1st is a t\u00e1rolt t\u00e1rgyakra.<\/p>\n\n\n\n<h2 class=\"wp-block-heading\">Hogyan v\u00e1lasszuk ki a legjobb poggy\u00e1szt\u00e1rol\u00f3t?<\/h2>\n\n\n\n<p>A legjobb poggy\u00e1szt\u00e1rol\u00e1si lehet\u0151s\u00e9g kiv\u00e1laszt\u00e1s\u00e1hoz t\u00f6bb t\u00e9nyez\u0151t kell figyelembe venni, hogy az megfeleljen az \u00d6n egyedi ig\u00e9nyeinek. \u00cdme n\u00e9h\u00e1ny fontos szempont, amelyet figyelembe kell vennie:<\/p>\n\n\n\n<p>Helysz\u00edn:<\/p>\n\n\n\n<p>&nbsp;&nbsp;&nbsp;- K\u00f6zels\u00e9g: V\u00e1lasszon olyan t\u00e1rol\u00e1si lehet\u0151s\u00e9get, amely k\u00f6zel van jelenlegi tart\u00f3zkod\u00e1si hely\u00e9hez vagy ahhoz, ahol a csomagjait \u00e1t kell vennie, p\u00e9ld\u00e1ul vas\u00fat\u00e1llom\u00e1sok, rep\u00fcl\u0151terek vagy sz\u00e1ll\u00e1shelyek k\u00f6zel\u00e9ben.<\/p>\n\n\n\n<p>&nbsp;&nbsp;&nbsp;- K\u00e9nyelem: Gy\u0151z\u0151dj\u00f6n meg r\u00f3la, hogy a helysz\u00edn k\u00f6nnyen el\u00e9rhet\u0151 \u00e9s k\u00e9nyelmes az utaz\u00e1si terveihez.<\/p>\n\n\n\n<p>Biztons\u00e1g:<\/p>\n\n\n\n<p>&nbsp;&nbsp;&nbsp;- Megfigyel\u00e9s: Keresse a megfelel\u0151 biztons\u00e1gi int\u00e9zked\u00e9sekkel, p\u00e9ld\u00e1ul CCTV-kamer\u00e1kkal \u00e9s helysz\u00edni szem\u00e9lyzettel rendelkez\u0151 l\u00e9tes\u00edtm\u00e9nyeket.<\/p>\n\n\n\n<p>&nbsp;&nbsp;&nbsp;- Z\u00e1rak: Biztos\u00edtsa, hogy a szekr\u00e9nyek biztons\u00e1gos z\u00e1rszerkezettel rendelkezzenek. Poggy\u00e1szmeg\u0151rz\u0151 szolg\u00e1ltat\u00e1sok eset\u00e9n ellen\u0151rizze, hogy a l\u00e9tes\u00edtm\u00e9ny rendelkezik-e biztons\u00e1gos t\u00e1rol\u00f3helyekkel.<\/p>\n\n\n\n<p>K\u00f6lts\u00e9gek:<\/p>\n\n\n\n<p>&nbsp;&nbsp;&nbsp;- K\u00f6lts\u00e9gvet\u00e9s: Hasonl\u00edtsa \u00f6ssze az \u00e1rakat a szekr\u00e9nyek \u00e9s a csomagmeg\u0151rz\u0151 szolg\u00e1ltat\u00e1sok k\u00f6z\u00f6tt. Vegye figyelembe a napi k\u00f6lts\u00e9get \u00e9s a hosszabb t\u00e1rol\u00e1s\u00e9rt fizetend\u0151 esetleges tov\u00e1bbi d\u00edjakat.<\/p>\n\n\n\n<p>&nbsp;&nbsp;&nbsp;- \u00c9rt\u00e9k: M\u00e9rlegelje a k\u00f6lts\u00e9geket a ny\u00fajtott szolg\u00e1ltat\u00e1s \u00e9s biztons\u00e1g szintj\u00e9vel.<\/p>\n\n\n\n<p>M\u00e9ret \u00e9s kapacit\u00e1s:&nbsp;&nbsp;&nbsp;<\/p>\n\n\n\n<p>- Alkalmass\u00e1g: Gy\u0151z\u0151dj\u00f6n meg r\u00f3la, hogy a t\u00e1rol\u00e1si lehet\u0151s\u00e9g alkalmas a poggy\u00e1sz m\u00e9reteinek \u00e9s t\u00edpus\u00e1nak befogad\u00e1s\u00e1ra. A szekr\u00e9nyek k\u00fcl\u00f6nb\u00f6z\u0151 m\u00e9retekben kaphat\u00f3k, m\u00edg a poggy\u00e1szt\u00e1rol\u00f3 szolg\u00e1ltat\u00e1sok nagyobb vagy furcsa alak\u00fa t\u00e1rgyakat is k\u00e9pesek kezelni.<\/p>\n\n\n\n<p>- El\u00e9rhet\u0151s\u00e9g: Ellen\u0151rizze, hogy a l\u00e9tes\u00edtm\u00e9ny rendelkezik-e szabad szekr\u00e9nyekkel vagy t\u00e1rol\u00f3helyekkel a t\u00e1rgyai sz\u00e1m\u00e1ra.<\/p>\n\n\n\n<p>Tov\u00e1bbi szolg\u00e1ltat\u00e1sok:<\/p>\n\n\n\n<p>&nbsp;&nbsp;&nbsp;- Extr\u00e1k: Egyes csomagmeg\u0151rz\u0151 szolg\u00e1ltat\u00e1sok olyan kieg\u00e9sz\u00edt\u0151 szolg\u00e1ltat\u00e1sokat k\u00edn\u00e1lnak, mint a biztos\u00edt\u00e1s, a poggy\u00e1szk\u00e9zbes\u00edt\u00e9s vagy a csomagol\u00e1si szolg\u00e1ltat\u00e1sok.<\/p>\n\n\n\n<p>&nbsp;&nbsp;&nbsp;- T\u00e1mogat\u00e1s: Keressen olyan szolg\u00e1ltat\u00e1sokat, amelyek \u00fcgyf\u00e9lt\u00e1mogat\u00e1ssal rendelkeznek probl\u00e9m\u00e1k vagy tervm\u00f3dos\u00edt\u00e1sok eset\u00e9n.<\/p>\n\n\n\n<p>Rugalmass\u00e1g:<\/p>\n\n\n\n<p>&nbsp;- Foglal\u00e1si lehet\u0151s\u00e9gek: Ez hasznos lehet az utaz\u00e1si cs\u00facsid\u0151szakokban.<\/p>\n\n\n\n<p>&nbsp;- Id\u0151tartam: Gy\u0151z\u0151dj\u00f6n meg r\u00f3la, hogy a szolg\u00e1ltat\u00e1s k\u00e9pes a poggy\u00e1sz t\u00e1rol\u00e1s\u00e1hoz sz\u00fcks\u00e9ges id\u0151tartamot befogadni.<\/p>\n\n\n\n<h2 class=\"wp-block-heading\">Mi\u00e9rt v\u00e1lassza az Radical Storage-t csomagmeg\u0151rz\u0151nek Budapesten?<\/h2>\n\n\n\n<p>Ha sz\u00fcks\u00e9ge van valamilyen megold\u00e1sra a <strong>csomagmeg\u0151rz\u0151 Budapesten <\/strong>a k\u00e9nyelmes \u00e1r \u00e9s a kiv\u00e1l\u00f3 szolg\u00e1ltat\u00e1s \u00e9rdek\u00e9ben, akkor b\u00edzhat a <strong>Radical Storage<\/strong>, az egyik legismertebb \u00e9s legmegb\u00edzhat\u00f3bb nemzetk\u00f6zi poggy\u00e1szmeg\u0151rz\u0151 c\u00e9g vil\u00e1gszerte. Val\u00f3j\u00e1ban, <strong>Radical Storage<\/strong> kiterjedt h\u00e1l\u00f3zattal rendelkezik <strong>csomagmeg\u0151rz\u0151 Budapesten<\/strong>, valamint a vil\u00e1g minden t\u00e1j\u00e1r\u00f3l, a v\u00e1ros f\u0151bb pontjain, p\u00e9ld\u00e1ul a f\u0151 k\u00f6zleked\u00e9si csom\u00f3pontok vagy a v\u00e1ros nevezetess\u00e9geinek k\u00f6zel\u00e9ben.<\/p>\n\n\n\n<p>Sz\u00e1m\u00edthat a <strong>Radical Storage<\/strong> \u00e9s minden hely\u00fck\u00f6n csomagt\u00e1rol\u00f3k\u00e9nt, mindezt a k\u00f6vetkez\u0151 partnerekkel val\u00f3 egy\u00fcttm\u0171k\u00f6d\u00e9s\u00fcknek k\u00f6sz\u00f6nhet\u0151en<strong> helyi c\u00e9gek \u00e9s v\u00e1llalkoz\u00e1sok<\/strong>, mint p\u00e9ld\u00e1ul k\u00e1v\u00e9z\u00f3k, b\u00e1rok, \u00fczletek, sz\u00e1llod\u00e1k \u00e9s sok m\u00e1s helysz\u00edn, hogy mindig tal\u00e1ljon a k\u00f6zelben n\u00e9h\u00e1ny megb\u00edzhat\u00f3 \u00e9s k\u00e9nyelmes helyet. <strong>poggy\u00e1szt\u00e1rol\u00f3<\/strong> az \u00d6n sz\u00e1m\u00e1ra, hogy haszn\u00e1lhassa \u00e9s lefoglalhassa, \u00edgy a poggy\u00e1szai biztons\u00e1gban lesznek. Az Radical Storage-nek k\u00f6sz\u00f6nhet\u0151en mostant\u00f3l a lehet\u0151 legegyszer\u0171bb lesz megtal\u00e1lni az \u00d6n sz\u00e1m\u00e1ra t\u00f6k\u00e9letes csomagmeg\u0151rz\u0151t.<\/p>\n\n\n\n<h2 class=\"wp-block-heading\">Budapesti csomagmeg\u0151rz\u00e9s foglal\u00e1sa az Radical Storage-n\u00e9l<\/h2>\n\n\n\n<p>Ha szeretne foglalni n\u00e9h\u00e1ny<strong> csomagmeg\u0151rz\u0151 Budapesten<\/strong> neked \u00e9s bar\u00e1taidnak a <strong>Radical Storage<\/strong>, r\u00e1 fog j\u00f6nni, hogy nincs is k\u00f6nnyebb dolga, hiszen n\u00e9h\u00e1ny pillanat alatt k\u00e9pes lesz arra, hogy <strong>t\u00e1rolja a poggy\u00e1sz\u00e1t<\/strong> a kijel\u00f6lt t\u00e1rol\u00f3ban, \u00e9s szabadon k\u00f3sz\u00e1lhatsz a v\u00e1rosban. El\u0151sz\u00f6r is, meg kell l\u00e1togatnia a <strong>weboldal<\/strong> vagy t\u00f6ltse le a <strong>app Radik\u00e1lis<\/strong>, amely iOS \u00e9s Android rendszereken egyar\u00e1nt el\u00e9rhet\u0151.&nbsp;<\/p>\n\n\n\n<p>Amint meg\u00e9rkezik a weboldalra, k\u00e9pes lesz arra, hogy k\u00f6r\u00fcln\u00e9zzen, \u00e9s megtudja a legjobb funkci\u00f3jukat, ami egy<strong> interakt\u00edv t\u00e9rk\u00e9p <\/strong>amelyek seg\u00edtenek kiv\u00e1lasztani az \u00d6n sz\u00e1m\u00e1ra t\u00f6k\u00e9letes csomagt\u00e1rol\u00f3t. Mind\u00f6ssze annyit kell tennie, hogy r\u00e1keres az eszk\u00f6zt\u00e1ron az \u00d6n<strong> jelenlegi hely<\/strong> vagy azt, akit szeretne el\u00e9rni, \u00e9s a honlapon kap egy list\u00e1t a <strong>csomagmeg\u0151rz\u0151 Budapesten <\/strong>az \u00d6n k\u00f6rnyezet\u00e9ben, \u00edgy kiv\u00e1laszthatja a legk\u00f6zelebbi vagy az \u00d6n sz\u00e1m\u00e1ra legmegfelel\u0151bbet.<\/p>\n\n\n\n<p>Miut\u00e1n kiv\u00e1lasztotta kedvenc\u00e9t<strong> poggy\u00e1szt\u00e1rol\u00f3<\/strong>, m\u00e1r csak n\u00e9h\u00e1ny l\u00e9p\u00e9s van h\u00e1tra a foglal\u00e1shoz, mint p\u00e9ld\u00e1ul a <strong>\u00f3r\u00e1k sz\u00e1ma<\/strong> hogy szeretn\u00e9 lefoglalni a rakt\u00e1rat vagy a <strong>a poggy\u00e1szok sz\u00e1ma<\/strong> szeretne t\u00e1rolni, \u00e9s egy pillanat alatt befejezheti a foglal\u00e1st, elindulhat a p\u00e9nzt\u00e1rhoz, \u00e9s m\u00e1r k\u00e9sz is van, hogy el\u00e9rje \u00fati c\u00e9lj\u00e1t, \u00e9s \u00fatk\u00f6zben is haszn\u00e1lhassa.<\/p>\n\n\n\n<h2 class=\"wp-block-heading\">A budapesti csomagmeg\u0151rz\u0151 foglal\u00e1s el\u0151nyei az Radical Storage-n\u00e9l<\/h2>\n\n\n\n<p>Az Radical Storage-n\u00e9l foglalni n\u00e9h\u00e1ny csomagmeg\u0151rz\u0151t Budapesten nem csak a hihetetlen csomagmeg\u0151rz\u0151 v\u00e1laszt\u00e9k miatt k\u00e9nyelmes, hanem a hihetetlen el\u0151ny\u00f6k miatt is, amelyeket a szolg\u00e1ltat\u00e1ssal kaphat:<\/p>\n\n\n\n<ul class=\"wp-block-list\">\n<li><strong>K\u00e9nyelem:<\/strong> Nagyon k\u00e9nyelmes a csomagok t\u00e1rol\u00e1sa enn\u00e9l a szolg\u00e1ltat\u00e1sn\u00e1l, mivel nagy v\u00e1laszt\u00e9kot k\u00edn\u00e1lnak a poggy\u00e1szt\u00e1rol\u00e1s ter\u00e9n.<\/li>\n\n\n\n<li><strong>Rugalmass\u00e1g:<\/strong> Nem kell agg\u00f3dnia az \u00f3rakorl\u00e1toz\u00e1s miatt, mivel a csomagmeg\u0151rz\u0151 rugalmas nyitvatart\u00e1ssal, a nap 24 \u00f3r\u00e1j\u00e1ban, \u00e9s \u00d6n szabadon azt csin\u00e1lhat, amit csak akar.<\/li>\n\n\n\n<li><strong>Versenyk\u00e9pes \u00e1rk\u00e9pz\u00e9s:<\/strong> A Radical \u00e1rai nagyon versenyk\u00e9pesek a piacon: napi 5 eur\u00f3s \u00e1tal\u00e1nyt k\u00edn\u00e1lnak poggy\u00e1szonk\u00e9nt.<\/li>\n\n\n\n<li><strong>Biztons\u00e1g:<\/strong> Minden t\u00e1rgyat t\u00f6bb mint 3000 eur\u00f3s biztons\u00e1gi fedezettel biztos\u00edtunk, \u00edgy biztons\u00e1gban tudhatja t\u00e1sk\u00e1it.<\/li>\n\n\n\n<li><strong>Egyszer\u0171 foglal\u00e1s:<\/strong> A weboldal nagyon felhaszn\u00e1l\u00f3bar\u00e1t, \u00edgy \u00d6n pillanatok alatt lefoglalhatja a csomagmeg\u0151rz\u0151t.<\/li>\n\n\n\n<li><strong>Nincs m\u00e9retkorl\u00e1toz\u00e1s:<\/strong> A t\u00e1sk\u00e1k m\u00e9ret\u00e9re \u00e9s s\u00faly\u00e1ra vonatkoz\u00f3an nincsenek korl\u00e1toz\u00e1sok, \u00edgy b\u00e1rmit t\u00e1rolhat, amit csak szeretne.<\/li>\n<\/ul>\n\n\n\n<h2 class=\"wp-block-heading\">Hogyan juthat el a De\u00e1k Ferenc t\u00e9rre<\/h2>\n\n\n\n<p>A De\u00e1k Ferenc t\u00e9r, Budapest sz\u00edve fel\u00e9 induljon el a v\u00e1rosk\u00f6zpont fel\u00e9, mivel ez az egyik legjobban megk\u00f6zel\u00edthet\u0151 ter\u00fclet. Ha m\u00e1r a v\u00e1rosban vagy, haszn\u00e1ld a metr\u00f3rendszert, hogy eljuss. Az \u00e1llom\u00e1s h\u00e1rom metr\u00f3vonal kulcsfontoss\u00e1g\u00fa csom\u00f3pontja, \u00edgy t\u00f6bb ir\u00e1nyb\u00f3l is megk\u00f6zel\u00edthet\u0151. Keresse a metr\u00f3\u00e1llom\u00e1sokon vagy a t\u00f6megk\u00f6zleked\u00e9si \u00fatvonalakon a \"De\u00e1k Ferenc t\u00e9r\" fel\u00e9 mutat\u00f3 t\u00e1bl\u00e1kat.&nbsp;<\/p>\n\n\n\n<p>Ha villamossal vagy busszal utazik, sz\u00e1mos j\u00e1rat \u00e1thalad a t\u00e9ren vagy meg\u00e1ll a t\u00e9r k\u00f6zel\u00e9ben, \u00edgy k\u00f6nnyen megk\u00f6zel\u00edthet\u0151. A gyalogl\u00e1s is lehet\u0151s\u00e9g, ha a k\u00f6zelben tart\u00f3zkodik, mivel a t\u00e9r a v\u00e1ros egy \u00e9l\u00e9nk r\u00e9sz\u00e9n tal\u00e1lhat\u00f3, nevezetes nevezetess\u00e9gek \u00e9s l\u00e1tnival\u00f3kkal k\u00f6r\u00fclv\u00e9ve. Ha meg\u00e9rkezik, a ny\u00fczsg\u0151 tev\u00e9kenys\u00e9g \u00e9s a k\u00f6zponti elhelyezked\u00e9s alapj\u00e1n tudni fogja, hogy j\u00f3 helyen j\u00e1r, mivel a t\u00e9rb\u0151l gyalogosbar\u00e1t utc\u00e1k ny\u00edlnak, amelyek tele vannak \u00fczletekkel, k\u00e1v\u00e9z\u00f3kkal \u00e9s kulcsfontoss\u00e1g\u00fa l\u00e1tnival\u00f3kkal.<\/p>\n\n\n<div class=\"wp-block-image\">\n<figure class=\"aligncenter size-full is-resized\"><img loading=\"lazy\" decoding=\"async\" width=\"360\" height=\"350\" src=\"http:\/\/www.budapest-luggagestorage.com\/wp-content\/uploads\/2024\/09\/radical-storage-app-3.png\" alt=\"\" class=\"wp-image-8\" style=\"width:345px;height:auto\" srcset=\"https:\/\/www.budapest-luggagestorage.com\/wp-content\/uploads\/2024\/09\/radical-storage-app-3.png 360w, https:\/\/www.budapest-luggagestorage.com\/wp-content\/uploads\/2024\/09\/radical-storage-app-3-300x292.png 300w\" sizes=\"auto, (max-width: 360px) 100vw, 360px\" \/><\/figure>\n<\/div>\n\n\n<div class=\"wp-block-buttons is-content-justification-center is-layout-flex wp-container-core-buttons-is-layout-16018d1d wp-block-buttons-is-layout-flex\">\n<div class=\"wp-block-button\"><a class=\"wp-block-button__link wp-element-button\" href=\"https:\/\/radicalstorage.com\/storage-list\/budapest?s=Budapest%2C%20De%C3%A1k%20Ferenc%20t%C3%A9r%2C%20Hungary&amp;lat=47.4978504&amp;lng=19.0544444&amp;utm_source=microblogs&amp;utm_medium=www.budapest-luggagestorage.com&amp;utm_campaign=deak-ferenc-ter\" target=\"_blank\" rel=\"noreferrer noopener\">FOGLALJON MOST<\/a><\/div>\n<\/div>\n\n\n\n<h2 class=\"wp-block-heading\">Dolgok a De\u00e1k Ferenc t\u00e9r k\u00f6zel\u00e9ben<\/h2>\n\n\n\n<p>A Budapest sz\u00edv\u00e9ben tal\u00e1lhat\u00f3 De\u00e1k Ferenc teret a l\u00e1tnival\u00f3k \u00e9l\u00e9nk kever\u00e9ke veszi k\u00f6r\u00fcl, \u00edgy t\u00f6k\u00e9letes kiindul\u00f3pont a v\u00e1ros felfedez\u00e9s\u00e9hez. Csak egy r\u00f6vid s\u00e9t\u00e1ra tal\u00e1lhat\u00f3 a Szent Istv\u00e1n-bazilika, Magyarorsz\u00e1g egyik legnagyobb temploma, ahol felkapaszkodhat a kupol\u00e1ra, ahonnan leny\u0171g\u00f6z\u0151 panor\u00e1ma ny\u00edlik Budapestre. Innen egy k\u00e9nyelmes s\u00e9t\u00e1val eljuthat a L\u00e1nch\u00eddhoz, ahonnan fest\u0151i kil\u00e1t\u00e1s ny\u00edlik a Dun\u00e1ra \u00e9s a Budai V\u00e1rra a v\u00edz t\u00faloldal\u00e1n.<\/p>\n\n\n\n<p>A m\u0171v\u00e9szet \u00e9s a t\u00f6rt\u00e9nelem ir\u00e1nt \u00e9rdekl\u0151d\u0151k sz\u00e1m\u00e1ra a k\u00f6zelben tal\u00e1lhat\u00f3 a Magyar Nemzeti M\u00fazeum, amely az orsz\u00e1g gazdag kultur\u00e1lis \u00f6r\u00f6ks\u00e9g\u00e9t mutatja be. Emellett a De\u00e1k Ferenc t\u00e9r k\u00f6zel\u00e9ben tal\u00e1lhat\u00f3 a V\u00f6r\u00f6smarty t\u00e9r, a n\u00e9pszer\u0171 gy\u00fclekez\u0151hely, ahol szezon\u00e1lis piacok, hangulatos k\u00e1v\u00e9z\u00f3k \u00e9s sz\u00ednvonalas v\u00e1s\u00e1rl\u00e1si lehet\u0151s\u00e9gek v\u00e1rj\u00e1k a l\u00e1togat\u00f3kat. A De\u00e1k Ferenc t\u00e9r k\u00f6zel\u00e9ben kezd\u0151dik az Andr\u00e1ssy \u00fat, az UNESCO vil\u00e1g\u00f6r\u00f6ks\u00e9g r\u00e9sz\u00e9t k\u00e9pez\u0151, t\u00f6rt\u00e9nelmi \u00e9p\u00fcletekkel szeg\u00e9lyezett ter\u00fclet, amely olyan ikonikus nevezetess\u00e9gekhez vezet, mint a Magyar \u00c1llami Operah\u00e1z \u00e9s a H\u0151s\u00f6k tere.<\/p>","protected":false},"excerpt":{"rendered":"<p>There are many beautiful and fascinating places to visit while you are here in Budapest, so you should be ready to dive into the exploration of the city and walk as much as you can, to admire the beautiful architecture and all the most amazing attractions that you can see, including the Deak Ferenc Ter, [&hellip;]<\/p>\n","protected":false},"author":1,"featured_media":13,"comment_status":"closed","ping_status":"closed","sticky":false,"template":"","format":"standard","meta":{"footnotes":""},"categories":[2],"tags":[],"class_list":["post-11","post","type-post","status-publish","format-standard","has-post-thumbnail","hentry","category-budapest-stations"],"yoast_head":"<!-- This site is optimized with the Yoast SEO plugin v27.5 - https:\/\/yoast.com\/product\/yoast-seo-wordpress\/ -->\n<title>Luggage Storage Guide at De\u00e1k Ferenc T\u00e9r 2024 - Budapest Luggage Storage<\/title>\n<meta name=\"description\" content=\"Why carrying your bags around in Deak Ferenc Ter if you can store them in some luggage storage in Budapest without any hassle?\" \/>\n<meta name=\"robots\" content=\"index, follow, max-snippet:-1, max-image-preview:large, max-video-preview:-1\" \/>\n<link rel=\"canonical\" href=\"https:\/\/www.budapest-luggagestorage.com\/hu\/deak-ferenc-ter-poggyasz-tarolasi-utmutato\/\" \/>\n<meta property=\"og:locale\" content=\"hu_HU\" \/>\n<meta property=\"og:type\" content=\"article\" \/>\n<meta property=\"og:title\" content=\"Luggage Storage Guide at De\u00e1k Ferenc T\u00e9r 2024 - Budapest Luggage Storage\" \/>\n<meta property=\"og:description\" content=\"Why carrying your bags around in Deak Ferenc Ter if you can store them in some luggage storage in Budapest without any hassle?\" \/>\n<meta property=\"og:url\" content=\"https:\/\/www.budapest-luggagestorage.com\/hu\/deak-ferenc-ter-poggyasz-tarolasi-utmutato\/\" \/>\n<meta property=\"og:site_name\" content=\"Budapest Luggage Storage\" \/>\n<meta property=\"article:published_time\" content=\"2024-09-26T08:16:51+00:00\" \/>\n<meta property=\"article:modified_time\" content=\"2024-11-07T10:42:32+00:00\" \/>\n<meta property=\"og:image\" content=\"https:\/\/www.budapest-luggagestorage.com\/wp-content\/uploads\/2024\/09\/Screenshot-2024-09-26-at-10.11.55-1024x590.png\" \/>\n\t<meta property=\"og:image:width\" content=\"1024\" \/>\n\t<meta property=\"og:image:height\" content=\"590\" \/>\n\t<meta property=\"og:image:type\" content=\"image\/png\" \/>\n<meta name=\"author\" content=\"Manuel\" \/>\n<meta name=\"twitter:card\" content=\"summary_large_image\" \/>\n<meta name=\"twitter:label1\" content=\"Szerz\u0151:\" \/>\n\t<meta name=\"twitter:data1\" content=\"Manuel\" \/>\n\t<meta name=\"twitter:label2\" content=\"Becs\u00fclt olvas\u00e1si id\u0151\" \/>\n\t<meta name=\"twitter:data2\" content=\"10 perc\" \/>\n<script type=\"application\/ld+json\" class=\"yoast-schema-graph\">{\"@context\":\"https:\\\/\\\/schema.org\",\"@graph\":[{\"@type\":\"Article\",\"@id\":\"https:\\\/\\\/www.budapest-luggagestorage.com\\\/deak-ferenc-ter-luggage-storage-guide\\\/#article\",\"isPartOf\":{\"@id\":\"https:\\\/\\\/www.budapest-luggagestorage.com\\\/deak-ferenc-ter-luggage-storage-guide\\\/\"},\"author\":{\"name\":\"Manuel\",\"@id\":\"https:\\\/\\\/www.budapest-luggagestorage.com\\\/#\\\/schema\\\/person\\\/49c34178e4b5bd124c392815d3146743\"},\"headline\":\"Luggage Storage Guide at De\u00e1k Ferenc T\u00e9r 2024\",\"datePublished\":\"2024-09-26T08:16:51+00:00\",\"dateModified\":\"2024-11-07T10:42:32+00:00\",\"mainEntityOfPage\":{\"@id\":\"https:\\\/\\\/www.budapest-luggagestorage.com\\\/deak-ferenc-ter-luggage-storage-guide\\\/\"},\"wordCount\":1984,\"image\":{\"@id\":\"https:\\\/\\\/www.budapest-luggagestorage.com\\\/deak-ferenc-ter-luggage-storage-guide\\\/#primaryimage\"},\"thumbnailUrl\":\"https:\\\/\\\/www.budapest-luggagestorage.com\\\/wp-content\\\/uploads\\\/2024\\\/09\\\/Screenshot-2024-09-26-at-10.11.55.png\",\"articleSection\":[\"Budapest Stations\"],\"inLanguage\":\"hu\"},{\"@type\":\"WebPage\",\"@id\":\"https:\\\/\\\/www.budapest-luggagestorage.com\\\/deak-ferenc-ter-luggage-storage-guide\\\/\",\"url\":\"https:\\\/\\\/www.budapest-luggagestorage.com\\\/deak-ferenc-ter-luggage-storage-guide\\\/\",\"name\":\"Luggage Storage Guide at De\u00e1k Ferenc T\u00e9r 2024 - Budapest Luggage Storage\",\"isPartOf\":{\"@id\":\"https:\\\/\\\/www.budapest-luggagestorage.com\\\/#website\"},\"primaryImageOfPage\":{\"@id\":\"https:\\\/\\\/www.budapest-luggagestorage.com\\\/deak-ferenc-ter-luggage-storage-guide\\\/#primaryimage\"},\"image\":{\"@id\":\"https:\\\/\\\/www.budapest-luggagestorage.com\\\/deak-ferenc-ter-luggage-storage-guide\\\/#primaryimage\"},\"thumbnailUrl\":\"https:\\\/\\\/www.budapest-luggagestorage.com\\\/wp-content\\\/uploads\\\/2024\\\/09\\\/Screenshot-2024-09-26-at-10.11.55.png\",\"datePublished\":\"2024-09-26T08:16:51+00:00\",\"dateModified\":\"2024-11-07T10:42:32+00:00\",\"author\":{\"@id\":\"https:\\\/\\\/www.budapest-luggagestorage.com\\\/#\\\/schema\\\/person\\\/49c34178e4b5bd124c392815d3146743\"},\"description\":\"Why carrying your bags around in Deak Ferenc Ter if you can store them in some luggage storage in Budapest without any hassle?\",\"breadcrumb\":{\"@id\":\"https:\\\/\\\/www.budapest-luggagestorage.com\\\/deak-ferenc-ter-luggage-storage-guide\\\/#breadcrumb\"},\"inLanguage\":\"hu\",\"potentialAction\":[{\"@type\":\"ReadAction\",\"target\":[\"https:\\\/\\\/www.budapest-luggagestorage.com\\\/deak-ferenc-ter-luggage-storage-guide\\\/\"]}]},{\"@type\":\"ImageObject\",\"inLanguage\":\"hu\",\"@id\":\"https:\\\/\\\/www.budapest-luggagestorage.com\\\/deak-ferenc-ter-luggage-storage-guide\\\/#primaryimage\",\"url\":\"https:\\\/\\\/www.budapest-luggagestorage.com\\\/wp-content\\\/uploads\\\/2024\\\/09\\\/Screenshot-2024-09-26-at-10.11.55.png\",\"contentUrl\":\"https:\\\/\\\/www.budapest-luggagestorage.com\\\/wp-content\\\/uploads\\\/2024\\\/09\\\/Screenshot-2024-09-26-at-10.11.55.png\",\"width\":1700,\"height\":980},{\"@type\":\"BreadcrumbList\",\"@id\":\"https:\\\/\\\/www.budapest-luggagestorage.com\\\/deak-ferenc-ter-luggage-storage-guide\\\/#breadcrumb\",\"itemListElement\":[{\"@type\":\"ListItem\",\"position\":1,\"name\":\"Home\",\"item\":\"https:\\\/\\\/www.budapest-luggagestorage.com\\\/\"},{\"@type\":\"ListItem\",\"position\":2,\"name\":\"Luggage Storage Guide at De\u00e1k Ferenc T\u00e9r 2024\"}]},{\"@type\":\"WebSite\",\"@id\":\"https:\\\/\\\/www.budapest-luggagestorage.com\\\/#website\",\"url\":\"https:\\\/\\\/www.budapest-luggagestorage.com\\\/\",\"name\":\"Budapest Luggage Storage\",\"description\":\"\",\"potentialAction\":[{\"@type\":\"SearchAction\",\"target\":{\"@type\":\"EntryPoint\",\"urlTemplate\":\"https:\\\/\\\/www.budapest-luggagestorage.com\\\/?s={search_term_string}\"},\"query-input\":{\"@type\":\"PropertyValueSpecification\",\"valueRequired\":true,\"valueName\":\"search_term_string\"}}],\"inLanguage\":\"hu\"},{\"@type\":\"Person\",\"@id\":\"https:\\\/\\\/www.budapest-luggagestorage.com\\\/#\\\/schema\\\/person\\\/49c34178e4b5bd124c392815d3146743\",\"name\":\"Manuel\",\"image\":{\"@type\":\"ImageObject\",\"inLanguage\":\"hu\",\"@id\":\"https:\\\/\\\/secure.gravatar.com\\\/avatar\\\/a408cfab7d9ea5eb69d49554cc2949a323ef90d63f48f6a592c5029cabc15512?s=96&d=mm&r=g\",\"url\":\"https:\\\/\\\/secure.gravatar.com\\\/avatar\\\/a408cfab7d9ea5eb69d49554cc2949a323ef90d63f48f6a592c5029cabc15512?s=96&d=mm&r=g\",\"contentUrl\":\"https:\\\/\\\/secure.gravatar.com\\\/avatar\\\/a408cfab7d9ea5eb69d49554cc2949a323ef90d63f48f6a592c5029cabc15512?s=96&d=mm&r=g\",\"caption\":\"Manuel\"},\"sameAs\":[\"http:\\\/\\\/www.budapest-luggagestorage.com\"],\"url\":\"https:\\\/\\\/www.budapest-luggagestorage.com\\\/hu\\\/author\\\/manuel\\\/\"}]}<\/script>\n<!-- \/ Yoast SEO plugin. -->","yoast_head_json":{"title":"Poggy\u00e1szmeg\u0151rz\u0151 \u00fatmutat\u00f3 a De\u00e1k Ferenc t\u00e9r 2024 - Budapesti poggy\u00e1szmeg\u0151rz\u00e9s","description":"Mi\u00e9rt cipeln\u00e9 a csomagjait a De\u00e1k Ferenc t\u00e9ren, ha gond n\u00e9lk\u00fcl t\u00e1rolhatja \u0151ket egy budapesti csomagmeg\u0151rz\u0151ben?","robots":{"index":"index","follow":"follow","max-snippet":"max-snippet:-1","max-image-preview":"max-image-preview:large","max-video-preview":"max-video-preview:-1"},"canonical":"https:\/\/www.budapest-luggagestorage.com\/hu\/deak-ferenc-ter-poggyasz-tarolasi-utmutato\/","og_locale":"hu_HU","og_type":"article","og_title":"Luggage Storage Guide at De\u00e1k Ferenc T\u00e9r 2024 - Budapest Luggage Storage","og_description":"Why carrying your bags around in Deak Ferenc Ter if you can store them in some luggage storage in Budapest without any hassle?","og_url":"https:\/\/www.budapest-luggagestorage.com\/hu\/deak-ferenc-ter-poggyasz-tarolasi-utmutato\/","og_site_name":"Budapest Luggage Storage","article_published_time":"2024-09-26T08:16:51+00:00","article_modified_time":"2024-11-07T10:42:32+00:00","og_image":[{"width":1024,"height":590,"url":"https:\/\/www.budapest-luggagestorage.com\/wp-content\/uploads\/2024\/09\/Screenshot-2024-09-26-at-10.11.55-1024x590.png","type":"image\/png"}],"author":"Manuel","twitter_card":"summary_large_image","twitter_misc":{"Szerz\u0151:":"Manuel","Becs\u00fclt olvas\u00e1si id\u0151":"10 perc"},"schema":{"@context":"https:\/\/schema.org","@graph":[{"@type":"Article","@id":"https:\/\/www.budapest-luggagestorage.com\/deak-ferenc-ter-luggage-storage-guide\/#article","isPartOf":{"@id":"https:\/\/www.budapest-luggagestorage.com\/deak-ferenc-ter-luggage-storage-guide\/"},"author":{"name":"Manuel","@id":"https:\/\/www.budapest-luggagestorage.com\/#\/schema\/person\/49c34178e4b5bd124c392815d3146743"},"headline":"Luggage Storage Guide at De\u00e1k Ferenc T\u00e9r 2024","datePublished":"2024-09-26T08:16:51+00:00","dateModified":"2024-11-07T10:42:32+00:00","mainEntityOfPage":{"@id":"https:\/\/www.budapest-luggagestorage.com\/deak-ferenc-ter-luggage-storage-guide\/"},"wordCount":1984,"image":{"@id":"https:\/\/www.budapest-luggagestorage.com\/deak-ferenc-ter-luggage-storage-guide\/#primaryimage"},"thumbnailUrl":"https:\/\/www.budapest-luggagestorage.com\/wp-content\/uploads\/2024\/09\/Screenshot-2024-09-26-at-10.11.55.png","articleSection":["Budapest Stations"],"inLanguage":"hu"},{"@type":"WebPage","@id":"https:\/\/www.budapest-luggagestorage.com\/deak-ferenc-ter-luggage-storage-guide\/","url":"https:\/\/www.budapest-luggagestorage.com\/deak-ferenc-ter-luggage-storage-guide\/","name":"Poggy\u00e1szmeg\u0151rz\u0151 \u00fatmutat\u00f3 a De\u00e1k Ferenc t\u00e9r 2024 - Budapesti poggy\u00e1szmeg\u0151rz\u00e9s","isPartOf":{"@id":"https:\/\/www.budapest-luggagestorage.com\/#website"},"primaryImageOfPage":{"@id":"https:\/\/www.budapest-luggagestorage.com\/deak-ferenc-ter-luggage-storage-guide\/#primaryimage"},"image":{"@id":"https:\/\/www.budapest-luggagestorage.com\/deak-ferenc-ter-luggage-storage-guide\/#primaryimage"},"thumbnailUrl":"https:\/\/www.budapest-luggagestorage.com\/wp-content\/uploads\/2024\/09\/Screenshot-2024-09-26-at-10.11.55.png","datePublished":"2024-09-26T08:16:51+00:00","dateModified":"2024-11-07T10:42:32+00:00","author":{"@id":"https:\/\/www.budapest-luggagestorage.com\/#\/schema\/person\/49c34178e4b5bd124c392815d3146743"},"description":"Mi\u00e9rt cipeln\u00e9 a csomagjait a De\u00e1k Ferenc t\u00e9ren, ha gond n\u00e9lk\u00fcl t\u00e1rolhatja \u0151ket egy budapesti csomagmeg\u0151rz\u0151ben?","breadcrumb":{"@id":"https:\/\/www.budapest-luggagestorage.com\/deak-ferenc-ter-luggage-storage-guide\/#breadcrumb"},"inLanguage":"hu","potentialAction":[{"@type":"ReadAction","target":["https:\/\/www.budapest-luggagestorage.com\/deak-ferenc-ter-luggage-storage-guide\/"]}]},{"@type":"ImageObject","inLanguage":"hu","@id":"https:\/\/www.budapest-luggagestorage.com\/deak-ferenc-ter-luggage-storage-guide\/#primaryimage","url":"https:\/\/www.budapest-luggagestorage.com\/wp-content\/uploads\/2024\/09\/Screenshot-2024-09-26-at-10.11.55.png","contentUrl":"https:\/\/www.budapest-luggagestorage.com\/wp-content\/uploads\/2024\/09\/Screenshot-2024-09-26-at-10.11.55.png","width":1700,"height":980},{"@type":"BreadcrumbList","@id":"https:\/\/www.budapest-luggagestorage.com\/deak-ferenc-ter-luggage-storage-guide\/#breadcrumb","itemListElement":[{"@type":"ListItem","position":1,"name":"Home","item":"https:\/\/www.budapest-luggagestorage.com\/"},{"@type":"ListItem","position":2,"name":"Luggage Storage Guide at De\u00e1k Ferenc T\u00e9r 2024"}]},{"@type":"WebSite","@id":"https:\/\/www.budapest-luggagestorage.com\/#website","url":"https:\/\/www.budapest-luggagestorage.com\/","name":"Budapesti poggy\u00e1szmeg\u0151rz\u00e9s","description":"","potentialAction":[{"@type":"SearchAction","target":{"@type":"EntryPoint","urlTemplate":"https:\/\/www.budapest-luggagestorage.com\/?s={search_term_string}"},"query-input":{"@type":"PropertyValueSpecification","valueRequired":true,"valueName":"search_term_string"}}],"inLanguage":"hu"},{"@type":"Person","@id":"https:\/\/www.budapest-luggagestorage.com\/#\/schema\/person\/49c34178e4b5bd124c392815d3146743","name":"Manuel","image":{"@type":"ImageObject","inLanguage":"hu","@id":"https:\/\/secure.gravatar.com\/avatar\/a408cfab7d9ea5eb69d49554cc2949a323ef90d63f48f6a592c5029cabc15512?s=96&d=mm&r=g","url":"https:\/\/secure.gravatar.com\/avatar\/a408cfab7d9ea5eb69d49554cc2949a323ef90d63f48f6a592c5029cabc15512?s=96&d=mm&r=g","contentUrl":"https:\/\/secure.gravatar.com\/avatar\/a408cfab7d9ea5eb69d49554cc2949a323ef90d63f48f6a592c5029cabc15512?s=96&d=mm&r=g","caption":"Manuel"},"sameAs":["http:\/\/www.budapest-luggagestorage.com"],"url":"https:\/\/www.budapest-luggagestorage.com\/hu\/author\/manuel\/"}]}},"_links":{"self":[{"href":"https:\/\/www.budapest-luggagestorage.com\/hu\/wp-json\/wp\/v2\/posts\/11","targetHints":{"allow":["GET"]}}],"collection":[{"href":"https:\/\/www.budapest-luggagestorage.com\/hu\/wp-json\/wp\/v2\/posts"}],"about":[{"href":"https:\/\/www.budapest-luggagestorage.com\/hu\/wp-json\/wp\/v2\/types\/post"}],"author":[{"embeddable":true,"href":"https:\/\/www.budapest-luggagestorage.com\/hu\/wp-json\/wp\/v2\/users\/1"}],"replies":[{"embeddable":true,"href":"https:\/\/www.budapest-luggagestorage.com\/hu\/wp-json\/wp\/v2\/comments?post=11"}],"version-history":[{"count":0,"href":"https:\/\/www.budapest-luggagestorage.com\/hu\/wp-json\/wp\/v2\/posts\/11\/revisions"}],"wp:featuredmedia":[{"embeddable":true,"href":"https:\/\/www.budapest-luggagestorage.com\/hu\/wp-json\/wp\/v2\/media\/13"}],"wp:attachment":[{"href":"https:\/\/www.budapest-luggagestorage.com\/hu\/wp-json\/wp\/v2\/media?parent=11"}],"wp:term":[{"taxonomy":"category","embeddable":true,"href":"https:\/\/www.budapest-luggagestorage.com\/hu\/wp-json\/wp\/v2\/categories?post=11"},{"taxonomy":"post_tag","embeddable":true,"href":"https:\/\/www.budapest-luggagestorage.com\/hu\/wp-json\/wp\/v2\/tags?post=11"}],"curies":[{"name":"wp","href":"https:\/\/api.w.org\/{rel}","templated":true}]}}